{"id":252233,"date":"2021-08-04T12:30:37","date_gmt":"2021-08-04T07:00:37","guid":{"rendered":"https:\/\/www.scconline.com\/blog\/?p=252233"},"modified":"2021-08-04T11:27:55","modified_gmt":"2021-08-04T05:57:55","slug":"uk-european-convention-on-human-rights-protocol-comes-into-force","status":"publish","type":"post","link":"https:\/\/www.scconline.com\/blog\/post\/2021\/08\/04\/uk-european-convention-on-human-rights-protocol-comes-into-force\/","title":{"rendered":"UK | European Convention on Human Rights protocol comes into force"},"content":{"rendered":"<p style=\"text-align: justify;\">Protocol no. 15 to the European Convention on Human Rights has come into force on August 1, 2021. The development of Protocol no. 15 was led by the UK. It is an international legal agreement which makes a series of changes to the Convention.<\/p>\n<p>&nbsp;<\/p>\n<h3 style=\"text-align: justify;\"><span style=\"color: #000080;\">Key takeaways from the Protocol are:<\/span><\/h3>\n<ul style=\"text-align: justify;\">\n<li>The Protocol No. 15 aim to address inefficiencies in the European Court of Human Rights (ECtHR).\u00a0The Protocol will contribute in helping the Court manage the high number of applications, which it receives from people claiming their rights under the Convention have been violated by a State Party.<\/li>\n<li>The Protocol No. 15 acknowledges that each individual party is responsible for protecting human rights under the European Convention on Human Rights. It will also improve the efficiency of the ECtHR by shortening the time limit from six to four months for applications and ensuring that all applications have been properly considered by\u202fdomestic courts.<\/li>\n<li>The Protocol will modify rules regarding the appointment and retirement\u00a0of\u00a0judges of the Court,\u00a0to enable them to serve for a full nine-year term and provide continuity. Currently, the upper age limit for ECtHR judges is the age of 70, with a requirement that candidates for the post of judge be less than 65 years of age at the date by which the list of candidates has been requested by the Parliamentary Assembly of the Council of Europe.<\/li>\n<\/ul>\n<p style=\"text-align: justify;\">\n<hr \/>\n<p><span style=\"color: #800000;\">*Tanvi Singh, Editorial Assistant has reported this brief.<\/span><\/p>\n","protected":false},"excerpt":{"rendered":"<p>Protocol no. 15 to the European Convention on Human Rights has come into force on August 1, 2021. The development of Protocol <\/p>\n","protected":false},"author":121,"featured_media":127951,"comment_status":"open","ping_status":"open","sticky":false,"template":"","format":"standard","meta":{"_jetpack_memberships_contains_paid_content":false,"footnotes":""},"categories":[14,4],"tags":[46654,46655,9971,39215],"class_list":["post-252233","post","type-post","status-publish","format-standard","has-post-thumbnail","hentry","category-foreign","category-legislationupdates","tag-europe-convention","tag-european-court-of-human-rights","tag-human-rights","tag-uk"],"yoast_head":"<!-- This site is optimized with the Yoast SEO Premium plugin v27.4 (Yoast SEO v27.4) - https:\/\/yoast.com\/product\/yoast-seo-premium-wordpress\/ -->\n<title>UK | European Convention on Human Rights protocol comes into force | SCC Times<\/title>\n<meta name=\"robots\" content=\"index, follow, max-snippet:-1, max-image-preview:large, max-video-preview:-1\" \/>\n<link rel=\"canonical\" href=\"https:\/\/www.scconline.com\/blog\/post\/2021\/08\/04\/uk-european-convention-on-human-rights-protocol-comes-into-force\/\" \/>\n<meta property=\"og:locale\" content=\"en_US\" \/>\n<meta property=\"og:type\" content=\"article\" \/>\n<meta property=\"og:title\" content=\"UK | European Convention on Human Rights protocol comes into force\" \/>\n<meta property=\"og:description\" content=\"Protocol no. 15 to the European Convention on Human Rights has come into force on August 1, 2021. The development of Protocol\" \/>\n<meta property=\"og:url\" content=\"https:\/\/www.scconline.com\/blog\/post\/2021\/08\/04\/uk-european-convention-on-human-rights-protocol-comes-into-force\/\" \/>\n<meta property=\"og:site_name\" content=\"SCC Times\" \/>\n<meta property=\"article:publisher\" content=\"https:\/\/www.facebook.com\/scc.online\/\" \/>\n<meta property=\"article:published_time\" content=\"2021-08-04T07:00:37+00:00\" \/>\n<meta property=\"og:image\" content=\"https:\/\/www.scconline.com\/blog\/wp-content\/uploads\/2017\/05\/human-rights.jpg\" \/>\n\t<meta property=\"og:image:width\" content=\"1330\" \/>\n\t<meta property=\"og:image:height\" content=\"887\" \/>\n\t<meta property=\"og:image:type\" content=\"image\/jpeg\" \/>\n<meta name=\"author\" content=\"Prachi Bhardwaj\" \/>\n<meta name=\"twitter:card\" content=\"summary_large_image\" \/>\n<meta name=\"twitter:label1\" content=\"Written by\" \/>\n\t<meta name=\"twitter:data1\" content=\"Prachi Bhardwaj\" \/>\n\t<meta name=\"twitter:label2\" content=\"Est. reading time\" \/>\n\t<meta name=\"twitter:data2\" content=\"2 minutes\" \/>\n<script type=\"application\/ld+json\" class=\"yoast-schema-graph\">{\"@context\":\"https:\\\/\\\/schema.org\",\"@graph\":[{\"@type\":\"Article\",\"@id\":\"https:\\\/\\\/www.scconline.com\\\/blog\\\/post\\\/2021\\\/08\\\/04\\\/uk-european-convention-on-human-rights-protocol-comes-into-force\\\/#article\",\"isPartOf\":{\"@id\":\"https:\\\/\\\/www.scconline.com\\\/blog\\\/post\\\/2021\\\/08\\\/04\\\/uk-european-convention-on-human-rights-protocol-comes-into-force\\\/\"},\"author\":{\"name\":\"Prachi Bhardwaj\",\"@id\":\"https:\\\/\\\/www.scconline.com\\\/blog\\\/#\\\/schema\\\/person\\\/de579aff4bc6dd24b68d6d472ac92942\"},\"headline\":\"UK | European Convention on Human Rights protocol comes into force\",\"datePublished\":\"2021-08-04T07:00:37+00:00\",\"mainEntityOfPage\":{\"@id\":\"https:\\\/\\\/www.scconline.com\\\/blog\\\/post\\\/2021\\\/08\\\/04\\\/uk-european-convention-on-human-rights-protocol-comes-into-force\\\/\"},\"wordCount\":243,\"commentCount\":0,\"image\":{\"@id\":\"https:\\\/\\\/www.scconline.com\\\/blog\\\/post\\\/2021\\\/08\\\/04\\\/uk-european-convention-on-human-rights-protocol-comes-into-force\\\/#primaryimage\"},\"thumbnailUrl\":\"https:\\\/\\\/www.scconline.com\\\/blog\\\/wp-content\\\/uploads\\\/2017\\\/05\\\/human-rights.jpg\",\"keywords\":[\"Europe Convention\",\"European Court of Human Rights\",\"human rights\",\"UK\"],\"articleSection\":[\"Foreign Legislation\",\"Legislation Updates\"],\"inLanguage\":\"en-US\",\"potentialAction\":[{\"@type\":\"CommentAction\",\"name\":\"Comment\",\"target\":[\"https:\\\/\\\/www.scconline.com\\\/blog\\\/post\\\/2021\\\/08\\\/04\\\/uk-european-convention-on-human-rights-protocol-comes-into-force\\\/#respond\"]}]},{\"@type\":\"WebPage\",\"@id\":\"https:\\\/\\\/www.scconline.com\\\/blog\\\/post\\\/2021\\\/08\\\/04\\\/uk-european-convention-on-human-rights-protocol-comes-into-force\\\/\",\"url\":\"https:\\\/\\\/www.scconline.com\\\/blog\\\/post\\\/2021\\\/08\\\/04\\\/uk-european-convention-on-human-rights-protocol-comes-into-force\\\/\",\"name\":\"UK | European Convention on Human Rights protocol comes into force | SCC Times\",\"isPartOf\":{\"@id\":\"https:\\\/\\\/www.scconline.com\\\/blog\\\/#website\"},\"primaryImageOfPage\":{\"@id\":\"https:\\\/\\\/www.scconline.com\\\/blog\\\/post\\\/2021\\\/08\\\/04\\\/uk-european-convention-on-human-rights-protocol-comes-into-force\\\/#primaryimage\"},\"image\":{\"@id\":\"https:\\\/\\\/www.scconline.com\\\/blog\\\/post\\\/2021\\\/08\\\/04\\\/uk-european-convention-on-human-rights-protocol-comes-into-force\\\/#primaryimage\"},\"thumbnailUrl\":\"https:\\\/\\\/www.scconline.com\\\/blog\\\/wp-content\\\/uploads\\\/2017\\\/05\\\/human-rights.jpg\",\"datePublished\":\"2021-08-04T07:00:37+00:00\",\"author\":{\"@id\":\"https:\\\/\\\/www.scconline.com\\\/blog\\\/#\\\/schema\\\/person\\\/de579aff4bc6dd24b68d6d472ac92942\"},\"breadcrumb\":{\"@id\":\"https:\\\/\\\/www.scconline.com\\\/blog\\\/post\\\/2021\\\/08\\\/04\\\/uk-european-convention-on-human-rights-protocol-comes-into-force\\\/#breadcrumb\"},\"inLanguage\":\"en-US\",\"potentialAction\":[{\"@type\":\"ReadAction\",\"target\":[\"https:\\\/\\\/www.scconline.com\\\/blog\\\/post\\\/2021\\\/08\\\/04\\\/uk-european-convention-on-human-rights-protocol-comes-into-force\\\/\"]}]},{\"@type\":\"ImageObject\",\"inLanguage\":\"en-US\",\"@id\":\"https:\\\/\\\/www.scconline.com\\\/blog\\\/post\\\/2021\\\/08\\\/04\\\/uk-european-convention-on-human-rights-protocol-comes-into-force\\\/#primaryimage\",\"url\":\"https:\\\/\\\/www.scconline.com\\\/blog\\\/wp-content\\\/uploads\\\/2017\\\/05\\\/human-rights.jpg\",\"contentUrl\":\"https:\\\/\\\/www.scconline.com\\\/blog\\\/wp-content\\\/uploads\\\/2017\\\/05\\\/human-rights.jpg\",\"width\":1330,\"height\":887},{\"@type\":\"BreadcrumbList\",\"@id\":\"https:\\\/\\\/www.scconline.com\\\/blog\\\/post\\\/2021\\\/08\\\/04\\\/uk-european-convention-on-human-rights-protocol-comes-into-force\\\/#breadcrumb\",\"itemListElement\":[{\"@type\":\"ListItem\",\"position\":1,\"name\":\"Home\",\"item\":\"https:\\\/\\\/www.scconline.com\\\/blog\\\/\"},{\"@type\":\"ListItem\",\"position\":2,\"name\":\"UK | European Convention on Human Rights protocol comes into force\"}]},{\"@type\":\"WebSite\",\"@id\":\"https:\\\/\\\/www.scconline.com\\\/blog\\\/#website\",\"url\":\"https:\\\/\\\/www.scconline.com\\\/blog\\\/\",\"name\":\"SCC Times\",\"description\":\"Bringing you the Best Analytical Legal News\",\"potentialAction\":[{\"@type\":\"SearchAction\",\"target\":{\"@type\":\"EntryPoint\",\"urlTemplate\":\"https:\\\/\\\/www.scconline.com\\\/blog\\\/?s={search_term_string}\"},\"query-input\":{\"@type\":\"PropertyValueSpecification\",\"valueRequired\":true,\"valueName\":\"search_term_string\"}}],\"inLanguage\":\"en-US\"},{\"@type\":\"Person\",\"@id\":\"https:\\\/\\\/www.scconline.com\\\/blog\\\/#\\\/schema\\\/person\\\/de579aff4bc6dd24b68d6d472ac92942\",\"name\":\"Prachi Bhardwaj\",\"image\":{\"@type\":\"ImageObject\",\"inLanguage\":\"en-US\",\"@id\":\"https:\\\/\\\/www.scconline.com\\\/blog\\\/wp-content\\\/uploads\\\/2021\\\/04\\\/Prachi-Image2-150x150.png\",\"url\":\"https:\\\/\\\/www.scconline.com\\\/blog\\\/wp-content\\\/uploads\\\/2021\\\/04\\\/Prachi-Image2-150x150.png\",\"contentUrl\":\"https:\\\/\\\/www.scconline.com\\\/blog\\\/wp-content\\\/uploads\\\/2021\\\/04\\\/Prachi-Image2-150x150.png\",\"caption\":\"Prachi Bhardwaj\"},\"description\":\"Senior Associate Editor\",\"url\":\"https:\\\/\\\/www.scconline.com\\\/blog\\\/post\\\/author\\\/editor_3\\\/\"}]}<\/script>\n<!-- \/ Yoast SEO Premium plugin. -->","yoast_head_json":{"title":"UK | European Convention on Human Rights protocol comes into force | SCC Times","robots":{"index":"index","follow":"follow","max-snippet":"max-snippet:-1","max-image-preview":"max-image-preview:large","max-video-preview":"max-video-preview:-1"},"canonical":"https:\/\/www.scconline.com\/blog\/post\/2021\/08\/04\/uk-european-convention-on-human-rights-protocol-comes-into-force\/","og_locale":"en_US","og_type":"article","og_title":"UK | European Convention on Human Rights protocol comes into force","og_description":"Protocol no. 15 to the European Convention on Human Rights has come into force on August 1, 2021. The development of Protocol","og_url":"https:\/\/www.scconline.com\/blog\/post\/2021\/08\/04\/uk-european-convention-on-human-rights-protocol-comes-into-force\/","og_site_name":"SCC Times","article_publisher":"https:\/\/www.facebook.com\/scc.online\/","article_published_time":"2021-08-04T07:00:37+00:00","og_image":[{"width":1330,"height":887,"url":"https:\/\/www.scconline.com\/blog\/wp-content\/uploads\/2017\/05\/human-rights.jpg","type":"image\/jpeg"}],"author":"Prachi Bhardwaj","twitter_card":"summary_large_image","twitter_misc":{"Written by":"Prachi Bhardwaj","Est. reading time":"2 minutes"},"schema":{"@context":"https:\/\/schema.org","@graph":[{"@type":"Article","@id":"https:\/\/www.scconline.com\/blog\/post\/2021\/08\/04\/uk-european-convention-on-human-rights-protocol-comes-into-force\/#article","isPartOf":{"@id":"https:\/\/www.scconline.com\/blog\/post\/2021\/08\/04\/uk-european-convention-on-human-rights-protocol-comes-into-force\/"},"author":{"name":"Prachi Bhardwaj","@id":"https:\/\/www.scconline.com\/blog\/#\/schema\/person\/de579aff4bc6dd24b68d6d472ac92942"},"headline":"UK | European Convention on Human Rights protocol comes into force","datePublished":"2021-08-04T07:00:37+00:00","mainEntityOfPage":{"@id":"https:\/\/www.scconline.com\/blog\/post\/2021\/08\/04\/uk-european-convention-on-human-rights-protocol-comes-into-force\/"},"wordCount":243,"commentCount":0,"image":{"@id":"https:\/\/www.scconline.com\/blog\/post\/2021\/08\/04\/uk-european-convention-on-human-rights-protocol-comes-into-force\/#primaryimage"},"thumbnailUrl":"https:\/\/www.scconline.com\/blog\/wp-content\/uploads\/2017\/05\/human-rights.jpg","keywords":["Europe Convention","European Court of Human Rights","human rights","UK"],"articleSection":["Foreign Legislation","Legislation Updates"],"inLanguage":"en-US","potentialAction":[{"@type":"CommentAction","name":"Comment","target":["https:\/\/www.scconline.com\/blog\/post\/2021\/08\/04\/uk-european-convention-on-human-rights-protocol-comes-into-force\/#respond"]}]},{"@type":"WebPage","@id":"https:\/\/www.scconline.com\/blog\/post\/2021\/08\/04\/uk-european-convention-on-human-rights-protocol-comes-into-force\/","url":"https:\/\/www.scconline.com\/blog\/post\/2021\/08\/04\/uk-european-convention-on-human-rights-protocol-comes-into-force\/","name":"UK | European Convention on Human Rights protocol comes into force | SCC Times","isPartOf":{"@id":"https:\/\/www.scconline.com\/blog\/#website"},"primaryImageOfPage":{"@id":"https:\/\/www.scconline.com\/blog\/post\/2021\/08\/04\/uk-european-convention-on-human-rights-protocol-comes-into-force\/#primaryimage"},"image":{"@id":"https:\/\/www.scconline.com\/blog\/post\/2021\/08\/04\/uk-european-convention-on-human-rights-protocol-comes-into-force\/#primaryimage"},"thumbnailUrl":"https:\/\/www.scconline.com\/blog\/wp-content\/uploads\/2017\/05\/human-rights.jpg","datePublished":"2021-08-04T07:00:37+00:00","author":{"@id":"https:\/\/www.scconline.com\/blog\/#\/schema\/person\/de579aff4bc6dd24b68d6d472ac92942"},"breadcrumb":{"@id":"https:\/\/www.scconline.com\/blog\/post\/2021\/08\/04\/uk-european-convention-on-human-rights-protocol-comes-into-force\/#breadcrumb"},"inLanguage":"en-US","potentialAction":[{"@type":"ReadAction","target":["https:\/\/www.scconline.com\/blog\/post\/2021\/08\/04\/uk-european-convention-on-human-rights-protocol-comes-into-force\/"]}]},{"@type":"ImageObject","inLanguage":"en-US","@id":"https:\/\/www.scconline.com\/blog\/post\/2021\/08\/04\/uk-european-convention-on-human-rights-protocol-comes-into-force\/#primaryimage","url":"https:\/\/www.scconline.com\/blog\/wp-content\/uploads\/2017\/05\/human-rights.jpg","contentUrl":"https:\/\/www.scconline.com\/blog\/wp-content\/uploads\/2017\/05\/human-rights.jpg","width":1330,"height":887},{"@type":"BreadcrumbList","@id":"https:\/\/www.scconline.com\/blog\/post\/2021\/08\/04\/uk-european-convention-on-human-rights-protocol-comes-into-force\/#breadcrumb","itemListElement":[{"@type":"ListItem","position":1,"name":"Home","item":"https:\/\/www.scconline.com\/blog\/"},{"@type":"ListItem","position":2,"name":"UK | European Convention on Human Rights protocol comes into force"}]},{"@type":"WebSite","@id":"https:\/\/www.scconline.com\/blog\/#website","url":"https:\/\/www.scconline.com\/blog\/","name":"SCC Times","description":"Bringing you the Best Analytical Legal News","potentialAction":[{"@type":"SearchAction","target":{"@type":"EntryPoint","urlTemplate":"https:\/\/www.scconline.com\/blog\/?s={search_term_string}"},"query-input":{"@type":"PropertyValueSpecification","valueRequired":true,"valueName":"search_term_string"}}],"inLanguage":"en-US"},{"@type":"Person","@id":"https:\/\/www.scconline.com\/blog\/#\/schema\/person\/de579aff4bc6dd24b68d6d472ac92942","name":"Prachi Bhardwaj","image":{"@type":"ImageObject","inLanguage":"en-US","@id":"https:\/\/www.scconline.com\/blog\/wp-content\/uploads\/2021\/04\/Prachi-Image2-150x150.png","url":"https:\/\/www.scconline.com\/blog\/wp-content\/uploads\/2021\/04\/Prachi-Image2-150x150.png","contentUrl":"https:\/\/www.scconline.com\/blog\/wp-content\/uploads\/2021\/04\/Prachi-Image2-150x150.png","caption":"Prachi Bhardwaj"},"description":"Senior Associate Editor","url":"https:\/\/www.scconline.com\/blog\/post\/author\/editor_3\/"}]}},"jetpack_featured_media_url":"https:\/\/www.scconline.com\/blog\/wp-content\/uploads\/2017\/05\/human-rights.jpg","jetpack_sharing_enabled":true,"jetpack-related-posts":[{"id":6140,"url":"https:\/\/www.scconline.com\/blog\/post\/2015\/08\/05\/application-of-settlement-criterion-is-a-breach-of-rights-under-article-14-of-echr-read-with-article-2-of-first-protocol\/","url_meta":{"origin":252233,"position":0},"title":"Application of settlement criterion is a breach of rights under Article 14 of ECHR read with Article 2 of First Protocol","author":"Sucheta","date":"August 5, 2015","format":false,"excerpt":"Supreme Court of United Kingdom- Deciding on whether the lawful residence criterion or settlement criterion breaches the appellant\u2019s right to education under Article 2 of the First Protocol (A2P1) to the European Convention on Human Rights (ECHR) and Article 14 ECHR, the Court by a majority of 3:2 made a\u2026","rel":"","context":"In &quot;Foreign Courts&quot;","block_context":{"text":"Foreign Courts","link":"https:\/\/www.scconline.com\/blog\/post\/category\/casebriefs\/foreigncourts\/"},"img":{"alt_text":"","src":"https:\/\/i0.wp.com\/www.scconline.com\/blog\/wp-content\/uploads\/2015\/10\/scc-blog_Page_9.jpg?resize=350%2C200&ssl=1","width":350,"height":200,"srcset":"https:\/\/i0.wp.com\/www.scconline.com\/blog\/wp-content\/uploads\/2015\/10\/scc-blog_Page_9.jpg?resize=350%2C200&ssl=1 1x, https:\/\/i0.wp.com\/www.scconline.com\/blog\/wp-content\/uploads\/2015\/10\/scc-blog_Page_9.jpg?resize=525%2C300&ssl=1 1.5x, https:\/\/i0.wp.com\/www.scconline.com\/blog\/wp-content\/uploads\/2015\/10\/scc-blog_Page_9.jpg?resize=700%2C400&ssl=1 2x, https:\/\/i0.wp.com\/www.scconline.com\/blog\/wp-content\/uploads\/2015\/10\/scc-blog_Page_9.jpg?resize=1050%2C600&ssl=1 3x"},"classes":[]},{"id":243634,"url":"https:\/\/www.scconline.com\/blog\/post\/2021\/02\/10\/13-years-later-echr-holds-russia-responsible-for-human-rights-violations-in-the-august-war-of-2008-with-georgia-detailed-report\/","url_meta":{"origin":252233,"position":1},"title":"13 years later, ECHR holds Russia responsible for human rights violations in the \u201cAugust War\u201d of 2008 with Georgia || Detailed Report","author":"Editor","date":"February 10, 2021","format":false,"excerpt":"European Court of Human Rights (Grand Chamber): In its judgment delivered on 21st January, the Grand Chamber of ECHR, after detailed deliberation and appreciation of evidences, found Russia to be guilty of human rights violations in the 2008 \u201cAugust War\u201d with Georgia. The said violations included killing and torturing of\u2026","rel":"","context":"In &quot;Case Briefs&quot;","block_context":{"text":"Case Briefs","link":"https:\/\/www.scconline.com\/blog\/post\/category\/casebriefs\/"},"img":{"alt_text":"","src":"https:\/\/i0.wp.com\/www.scconline.com\/blog\/wp-content\/uploads\/2016\/02\/C03HBD_2320723b.jpg?resize=350%2C200&ssl=1","width":350,"height":200,"srcset":"https:\/\/i0.wp.com\/www.scconline.com\/blog\/wp-content\/uploads\/2016\/02\/C03HBD_2320723b.jpg?resize=350%2C200&ssl=1 1x, https:\/\/i0.wp.com\/www.scconline.com\/blog\/wp-content\/uploads\/2016\/02\/C03HBD_2320723b.jpg?resize=525%2C300&ssl=1 1.5x, https:\/\/i0.wp.com\/www.scconline.com\/blog\/wp-content\/uploads\/2016\/02\/C03HBD_2320723b.jpg?resize=700%2C400&ssl=1 2x, https:\/\/i0.wp.com\/www.scconline.com\/blog\/wp-content\/uploads\/2016\/02\/C03HBD_2320723b.jpg?resize=1050%2C600&ssl=1 3x"},"classes":[]},{"id":221527,"url":"https:\/\/www.scconline.com\/blog\/post\/2019\/10\/26\/echr-holocaust-denial-not-protected-by-european-convention-on-human-rights-interference-with-rights-under-arts-10-6-must-be-examined-in-context-of-special-moral-responsibility\/","url_meta":{"origin":252233,"position":2},"title":"ECHR | Holocaust denial not protected by European Convention on Human Rights; interference with rights under Arts. 10 &#038; 6 must be examined in context of special moral responsibility","author":"Bhumika Indulia","date":"October 26, 2019","format":false,"excerpt":"European Court of Human Rights: The Seven-Judge Bench comprising of Yonko Grozev (President), Angelika Nu\u00dfberger, Andr\u00e9 Potocki, S\u00edofra O\u2019Leary, M?rti?\u0161 Mits, Gabriele Kucsko-Stadlmayer, and Lado Chanturia held that there was no violation of Article 10 and 6 of European Convention on Human Rights as claimed by the complainant in the\u2026","rel":"","context":"In &quot;Case Briefs&quot;","block_context":{"text":"Case Briefs","link":"https:\/\/www.scconline.com\/blog\/post\/category\/casebriefs\/"},"img":{"alt_text":"","src":"https:\/\/i0.wp.com\/www.scconline.com\/blog\/wp-content\/uploads\/2016\/02\/C03HBD_2320723b.jpg?resize=350%2C200&ssl=1","width":350,"height":200,"srcset":"https:\/\/i0.wp.com\/www.scconline.com\/blog\/wp-content\/uploads\/2016\/02\/C03HBD_2320723b.jpg?resize=350%2C200&ssl=1 1x, https:\/\/i0.wp.com\/www.scconline.com\/blog\/wp-content\/uploads\/2016\/02\/C03HBD_2320723b.jpg?resize=525%2C300&ssl=1 1.5x, https:\/\/i0.wp.com\/www.scconline.com\/blog\/wp-content\/uploads\/2016\/02\/C03HBD_2320723b.jpg?resize=700%2C400&ssl=1 2x, https:\/\/i0.wp.com\/www.scconline.com\/blog\/wp-content\/uploads\/2016\/02\/C03HBD_2320723b.jpg?resize=1050%2C600&ssl=1 3x"},"classes":[]},{"id":243509,"url":"https:\/\/www.scconline.com\/blog\/post\/2021\/02\/07\/evolution-of-adr-mechanisms-in-india\/","url_meta":{"origin":252233,"position":3},"title":"Evolution of ADR Mechanisms in India","author":"Bhumika Indulia","date":"February 7, 2021","format":false,"excerpt":"by Lalit Sharma*","rel":"","context":"In &quot;Op Eds&quot;","block_context":{"text":"Op Eds","link":"https:\/\/www.scconline.com\/blog\/post\/category\/op-ed\/legal-analysis\/"},"img":{"alt_text":"","src":"https:\/\/i0.wp.com\/www.scconline.com\/blog\/wp-content\/uploads\/2021\/02\/adr-1.jpg?resize=350%2C200&ssl=1","width":350,"height":200,"srcset":"https:\/\/i0.wp.com\/www.scconline.com\/blog\/wp-content\/uploads\/2021\/02\/adr-1.jpg?resize=350%2C200&ssl=1 1x, https:\/\/i0.wp.com\/www.scconline.com\/blog\/wp-content\/uploads\/2021\/02\/adr-1.jpg?resize=525%2C300&ssl=1 1.5x, https:\/\/i0.wp.com\/www.scconline.com\/blog\/wp-content\/uploads\/2021\/02\/adr-1.jpg?resize=700%2C400&ssl=1 2x, https:\/\/i0.wp.com\/www.scconline.com\/blog\/wp-content\/uploads\/2021\/02\/adr-1.jpg?resize=1050%2C600&ssl=1 3x"},"classes":[]},{"id":142011,"url":"https:\/\/www.scconline.com\/blog\/post\/2017\/07\/12\/belgiums-niqab-ban-does-not-violate-european-convention-on-human-rights\/","url_meta":{"origin":252233,"position":4},"title":"Belgium&#8217;s Niqab ban does not violate European Convention on Human Rights","author":"Prachi Bhardwaj","date":"July 12, 2017","format":false,"excerpt":"European Court of Human Rights: In the matter dealing with validity of the ban on the wearing in public of clothing that partly or totally covers the face under the Belgian law of 1 June 201, the Court held that the ban does not violate the right to respect for\u2026","rel":"","context":"In &quot;Case Briefs&quot;","block_context":{"text":"Case Briefs","link":"https:\/\/www.scconline.com\/blog\/post\/category\/casebriefs\/"},"img":{"alt_text":"","src":"https:\/\/i0.wp.com\/www.scconline.com\/blog\/wp-content\/uploads\/2017\/06\/european-commission.jpg?resize=350%2C200&ssl=1","width":350,"height":200,"srcset":"https:\/\/i0.wp.com\/www.scconline.com\/blog\/wp-content\/uploads\/2017\/06\/european-commission.jpg?resize=350%2C200&ssl=1 1x, https:\/\/i0.wp.com\/www.scconline.com\/blog\/wp-content\/uploads\/2017\/06\/european-commission.jpg?resize=525%2C300&ssl=1 1.5x, https:\/\/i0.wp.com\/www.scconline.com\/blog\/wp-content\/uploads\/2017\/06\/european-commission.jpg?resize=700%2C400&ssl=1 2x, https:\/\/i0.wp.com\/www.scconline.com\/blog\/wp-content\/uploads\/2017\/06\/european-commission.jpg?resize=1050%2C600&ssl=1 3x"},"classes":[]},{"id":36431,"url":"https:\/\/www.scconline.com\/blog\/post\/2016\/02\/20\/european-court-of-human-rights-holds-covert-and-mass-surveillance-illegal\/","url_meta":{"origin":252233,"position":5},"title":"European Court of Human Rights holds covert and mass surveillance, illegal","author":"Sucheta","date":"February 20, 2016","format":false,"excerpt":"European Court of Human Rights:\u00a0 In a land mark judgment, the Fourth Section of ECHR \u00a0has ruled that \u00a0 \u00a0 mass surveillance of citizens is illegal and that the Hungarian Government had violated Article 8 of the Convention \u00a0 \u00a0 for the Protection of Human Rights and Fundamental Freedoms \u00a0(right\u2026","rel":"","context":"In &quot;Case Briefs&quot;","block_context":{"text":"Case Briefs","link":"https:\/\/www.scconline.com\/blog\/post\/category\/casebriefs\/"},"img":{"alt_text":"","src":"https:\/\/i0.wp.com\/www.scconline.com\/blog\/wp-content\/uploads\/2016\/02\/C03HBD_2320723b.jpg?resize=350%2C200&ssl=1","width":350,"height":200,"srcset":"https:\/\/i0.wp.com\/www.scconline.com\/blog\/wp-content\/uploads\/2016\/02\/C03HBD_2320723b.jpg?resize=350%2C200&ssl=1 1x, https:\/\/i0.wp.com\/www.scconline.com\/blog\/wp-content\/uploads\/2016\/02\/C03HBD_2320723b.jpg?resize=525%2C300&ssl=1 1.5x, https:\/\/i0.wp.com\/www.scconline.com\/blog\/wp-content\/uploads\/2016\/02\/C03HBD_2320723b.jpg?resize=700%2C400&ssl=1 2x, https:\/\/i0.wp.com\/www.scconline.com\/blog\/wp-content\/uploads\/2016\/02\/C03HBD_2320723b.jpg?resize=1050%2C600&ssl=1 3x"},"classes":[]}],"amp_enabled":true,"_links":{"self":[{"href":"https:\/\/www.scconline.com\/blog\/wp-json\/wp\/v2\/posts\/252233","targetHints":{"allow":["GET"]}}],"collection":[{"href":"https:\/\/www.scconline.com\/blog\/wp-json\/wp\/v2\/posts"}],"about":[{"href":"https:\/\/www.scconline.com\/blog\/wp-json\/wp\/v2\/types\/post"}],"author":[{"embeddable":true,"href":"https:\/\/www.scconline.com\/blog\/wp-json\/wp\/v2\/users\/121"}],"replies":[{"embeddable":true,"href":"https:\/\/www.scconline.com\/blog\/wp-json\/wp\/v2\/comments?post=252233"}],"version-history":[{"count":0,"href":"https:\/\/www.scconline.com\/blog\/wp-json\/wp\/v2\/posts\/252233\/revisions"}],"wp:featuredmedia":[{"embeddable":true,"href":"https:\/\/www.scconline.com\/blog\/wp-json\/wp\/v2\/media\/127951"}],"wp:attachment":[{"href":"https:\/\/www.scconline.com\/blog\/wp-json\/wp\/v2\/media?parent=252233"}],"wp:term":[{"taxonomy":"category","embeddable":true,"href":"https:\/\/www.scconline.com\/blog\/wp-json\/wp\/v2\/categories?post=252233"},{"taxonomy":"post_tag","embeddable":true,"href":"https:\/\/www.scconline.com\/blog\/wp-json\/wp\/v2\/tags?post=252233"}],"curies":[{"name":"wp","href":"https:\/\/api.w.org\/{rel}","templated":true}]}}